{"id":3218,"date":"2025-05-10T23:08:52","date_gmt":"2025-05-10T21:08:52","guid":{"rendered":"http:\/\/mspvps.edu.ba\/?p=3218"},"modified":"2025-05-10T23:13:44","modified_gmt":"2025-05-10T21:13:44","slug":"1601-prekinuto-djetinjstvo-sjecanje-postovanje-obecanje-vrsnjaka-sarajeva","status":"publish","type":"post","link":"http:\/\/mspvps.edu.ba\/index.php\/2025\/05\/10\/1601-prekinuto-djetinjstvo-sjecanje-postovanje-obecanje-vrsnjaka-sarajeva\/","title":{"rendered":"1601 prekinuto djetinjstvo \u2013 sje\u0107anje, po\u0161tovanje, obe\u0107anje vr\u0161njaka Sarajeva"},"content":{"rendered":"\n<p>5. maj Sarajevo obilje\u017eava kao jedan od najtu\u017enijih i najbolnijih dana u svojoj historiji \u2013 dan koji svake godine izaziva posebne emocije, dan koji budi empatiju, tugu, ali i odlu\u010dnost, u svima onima koji ovaj grad do\u017eivljavaju kao svoj. Sarajevo je grad u kojem je mladost jednom stala \u2013 ba\u0161 onda kad je najvi\u0161e \u017eeljela da raste, da sanja, da voli.<\/p>\n\n\n\n<p>Danas se sje\u0107amo njih \u2013 djece \u010dije su o\u010di bile pune&nbsp;<a><\/a>nade, \u010dije su misli bile pune ma\u0161te, \u010dije su ruke bile spremne da grade bolje sutra.<\/p>\n\n\n\n<p>Sje\u0107amo se mladosti koja je \u017eeljela da Sarajevo oplemeni svojim znanjem, dobrotom i vjerom u \u010dovjeka.<\/p>\n\n\n\n<p>Sje\u0107amo se snova o pravednijem svijetu, jednakosti, toleranciji, prijateljstvu i zajedni\u0161tvu.<\/p>\n\n\n\n<p>Oni nisu stigli da odrastu. Njihovi hobiji su prekinuti, dru\u017eenja su presje\u010dena, a djetinjstvo im je oduzeto bez pitanja, bez razloga, bez milosti.<\/p>\n\n\n\n<p>Hiljadu \u0161est stotina i jedno dijete.<\/p>\n\n\n\n<p>1601 nevina du\u0161a.<\/p>\n\n\n\n<p>1601 ime, lice, osmijeh, san.<\/p>\n\n\n\n<p>1601 neispri\u010dana pri\u010da.<\/p>\n\n\n\n<p>To nisu brojevi. To su djeca. Na\u0161a djeca. Djeca Sarajeva.<\/p>\n\n\n\n<p>Zauvijek su ostali ovdje \u2013 u svom gradu, u na\u0161em pam\u0107enju, u na\u0161em amanetu.<\/p>\n\n\n\n<p>Oni su ovdje \u2013 u o\u010dima svojih roditelja, u uspomenama svojih drugara, u ritmu ovog grada, u svakom njegovom dahu.<\/p>\n\n\n\n<p>Zato smo posebno ponosni na program koji su danas izvela djeca pred\u0161kolskih ustanova, u\u010denici osnovnih i srednjih \u0161kola Kantona Sarajevo \u2013 i odali duboku i iskrenu po\u010dast ubijenoj djeci opkoljenog Sarajeva, a u organizaciji Udru\u017eenja roditelja ubijene djece opkoljenog Sarajeva, Instituta za razvoj preduniverzitetskog obrazovanja Kantona Sarajevo, Vlade Kantona Sarajevo, Ministarstva za odgoj i obrazovanje Kantona Sarajevo, JU Djeca Sarajeva, JU O\u0160 Edhem Mulabdi\u0107, Osnovne muzi\u010dke \u0161kole Ilid\u017ea, Osnovne muzi\u010dke \u0161kole Mladen Pozaji\u0107, Osnovne muzi\u010dke i baletske \u0161kole Novo Sarajevo, Osnovne \u0161kole \u0106amil Sijari\u0107, JU Srednja muzi\u010dka \u0161kola Sarajevo, JU Prva bo\u0161nja\u010dka gimnazija, JU Prva gimnazija, JU Druga gimnazija, JU Tre\u0107a gimnazija, JU \u010cetvrta gimnazija, JU Peta gimnazija, JU Gimnazija Dobrinja, te JU Katoli\u010dki \u0161kolski centar. Posebno zahvaljujemo \u0161kolama koje su danas bile podr\u0161ka i omogu\u0107ile u\u010denicima da prate ovaj program. Vi\u0161e od 5.000 u\u010denika je bilo na jednom mjestu, vi\u0161e od 5.000 onih koji \u0107e pamtiti i prenositi, da se nikada ne zaboravi 1601 prekinuto djetinjstvo.<\/p>\n\n\n\n<p>Kroz pjesmu, ples, pokret i stih, njihovi vr\u0161njaci su danas progovorili u ime onih koji to vi\u0161e ne mogu \u2013 ali \u010dije prisustvo i dalje \u017eivi me\u0111u nama.<\/p>\n\n\n\n<p>Uz u\u010denike, i uposlenici na\u0161e \u0161kole odali su duboku i iskrenu po\u010dast ubijenoj djeci opkoljenog Sarajeva, iskazuju\u0107i po\u0161tovanje prema nevinim \u017ertvama i potvr\u0111uju\u0107i va\u017enost sje\u0107anja na njihova nedovr\u0161ena djetinjstva.<\/p>\n\n\n\n<p>Informacija sa zvani\u010dne stranice www.irpo.ba, prilago\u0111ena i dopunjena za potrebe objave na web stranici na\u0161e \u0161kole (<a href=\"https:\/\/irpo.ba\/index.php\/2025\/05\/06\/1601-prekinuto-djetinjstvo-sjecanje-postovanje-obecanje-vrsnjaka-sarajeva\/\" data-type=\"link\" data-id=\"https:\/\/irpo.ba\/index.php\/2025\/05\/06\/1601-prekinuto-djetinjstvo-sjecanje-postovanje-obecanje-vrsnjaka-sarajeva\/\">preuzeto: <strong>www.irpo.ba<\/strong><\/a>).<\/p>\n\n\n\n<figure class=\"wp-block-image aligncenter size-large\"><img fetchpriority=\"high\" decoding=\"async\" width=\"1024\" height=\"576\" src=\"http:\/\/mspvps.edu.ba\/wp-content\/uploads\/2025\/05\/Djeca-Sarajeva-2025-1024x576.jpg\" alt=\"\" class=\"wp-image-3219\" srcset=\"http:\/\/mspvps.edu.ba\/wp-content\/uploads\/2025\/05\/Djeca-Sarajeva-2025-1024x576.jpg 1024w, http:\/\/mspvps.edu.ba\/wp-content\/uploads\/2025\/05\/Djeca-Sarajeva-2025-300x169.jpg 300w, http:\/\/mspvps.edu.ba\/wp-content\/uploads\/2025\/05\/Djeca-Sarajeva-2025-768x432.jpg 768w, http:\/\/mspvps.edu.ba\/wp-content\/uploads\/2025\/05\/Djeca-Sarajeva-2025.jpg 1536w\" sizes=\"(max-width: 1024px) 100vw, 1024px\" \/><\/figure>\n","protected":false},"excerpt":{"rendered":"<p>5. maj Sarajevo obilje\u017eava kao jedan od najtu\u017enijih i najbolnijih dana u svojoj historiji \u2013 dan koji svake godine izaziva posebne emocije, dan koji budi empatiju, tugu, ali i odlu\u010dnost, u svima onima koji ovaj grad do\u017eivljavaju kao svoj. Sarajevo je grad u kojem je mladost jednom stala \u2013 ba\u0161 onda kad je najvi\u0161e \u017eeljela [&hellip;]<\/p>\n","protected":false},"author":1,"featured_media":3219,"comment_status":"closed","ping_status":"closed","sticky":false,"template":"","format":"standard","meta":{"footnotes":""},"categories":[1],"tags":[],"class_list":["post-3218","post","type-post","status-publish","format-standard","has-post-thumbnail","hentry","category-novosti-i-dogadaji"],"_links":{"self":[{"href":"http:\/\/mspvps.edu.ba\/index.php\/wp-json\/wp\/v2\/posts\/3218","targetHints":{"allow":["GET"]}}],"collection":[{"href":"http:\/\/mspvps.edu.ba\/index.php\/wp-json\/wp\/v2\/posts"}],"about":[{"href":"http:\/\/mspvps.edu.ba\/index.php\/wp-json\/wp\/v2\/types\/post"}],"author":[{"embeddable":true,"href":"http:\/\/mspvps.edu.ba\/index.php\/wp-json\/wp\/v2\/users\/1"}],"replies":[{"embeddable":true,"href":"http:\/\/mspvps.edu.ba\/index.php\/wp-json\/wp\/v2\/comments?post=3218"}],"version-history":[{"count":4,"href":"http:\/\/mspvps.edu.ba\/index.php\/wp-json\/wp\/v2\/posts\/3218\/revisions"}],"predecessor-version":[{"id":3224,"href":"http:\/\/mspvps.edu.ba\/index.php\/wp-json\/wp\/v2\/posts\/3218\/revisions\/3224"}],"wp:featuredmedia":[{"embeddable":true,"href":"http:\/\/mspvps.edu.ba\/index.php\/wp-json\/wp\/v2\/media\/3219"}],"wp:attachment":[{"href":"http:\/\/mspvps.edu.ba\/index.php\/wp-json\/wp\/v2\/media?parent=3218"}],"wp:term":[{"taxonomy":"category","embeddable":true,"href":"http:\/\/mspvps.edu.ba\/index.php\/wp-json\/wp\/v2\/categories?post=3218"},{"taxonomy":"post_tag","embeddable":true,"href":"http:\/\/mspvps.edu.ba\/index.php\/wp-json\/wp\/v2\/tags?post=3218"}],"curies":[{"name":"wp","href":"https:\/\/api.w.org\/{rel}","templated":true}]}}