{"id":2382,"date":"2024-04-17T08:00:26","date_gmt":"2024-04-17T06:00:26","guid":{"rendered":"http:\/\/mspvps.edu.ba\/?p=2382"},"modified":"2024-04-17T08:02:08","modified_gmt":"2024-04-17T06:02:08","slug":"prva-tehnicijada-sportsko-druzenje-srednjih-strucnih-i-tehnickih-skola-kantona-sarajevo","status":"publish","type":"post","link":"http:\/\/mspvps.edu.ba\/index.php\/2024\/04\/17\/prva-tehnicijada-sportsko-druzenje-srednjih-strucnih-i-tehnickih-skola-kantona-sarajevo\/","title":{"rendered":"Prva\u00a0tehnicijada \u2013 sportsko dru\u017eenje srednjih stru\u010dnih i tehni\u010dkih \u0161kola Kantona Sarajevo"},"content":{"rendered":"\n<p>Prva\u00a0tehnicijada \u2013 sportsko dru\u017eenje srednjih stru\u010dnih i tehni\u010dkih \u0161kola Kantona Sarajevo u \u0161kolskoj\u00a02023\/2024. godini otvorena je danas na vanjskom igrali\u0161tu Srednje \u0161kole za saobra\u0107aj i komunikacije. Tehnicijadu, koja \u0107e se realizovati u periodu od 14. do 19. aprila, 2024.\u00a0godine, sve\u010dano je otvorila ministrica za odgoj i obrazovanje Kantona Sarajevo Naida Hota-Muminovi\u0107.<\/p>\n\n\n\n<!--more-->\n\n\n\n<p>\u201cPonosna sam \u0161to Tehnicijada srednjih tehni\u010dkih i stru\u010dnih \u0161kola po\u010dinje danas, \u0161to je u\u010de\u0161\u0107e&nbsp;uzela ukupno 21 \u0161kola, \u0161to se u svim disciplinama ravnopravno takmi\u010de u\u010denice i u\u010denici&nbsp;predvo\u0111eni vrijednim nastavnicima, koji su ih pripremali za ova takmi\u010denja i \u0161to \u0107e svoje snage&nbsp;odmjeriti u ko\u0161arci, malom nogometu, odbojci, atletici, \u0161ahu i stolnom tenisu. Jedan od&nbsp;najva\u017enijih ciljeva ove prve tehnicijade je dru\u017eenje me\u0111u u\u010denicima, stvaranje novih&nbsp;prijateljstava, zajedni\u010dkih iskustava i odmjeravanje snaga u pozitivnom sportskom duhu.&nbsp;\u010cinjenica da \u0107e se realizovati na tri lokacije u Srednjoj \u0161koli za saobra\u0107aj i komunikacije, u&nbsp;Srednjoj medicinskoj \u0161koli Jezero, te u Srednje\u0161kolskom centru Vogo\u0161\u0107a ukazuje na&nbsp;opredijeljenost direktora \u0161kola i spremnost na timski rad, kako bi se ostvarili va\u017eni i zajedni\u010dki&nbsp;ciljevi. Sigurna sam da \u0107e Tehnicijada postati tradicija\u201d, izjavila je resorna ministrica.<\/p>\n\n\n\n<p>Ministarstvo za odgoj i obrazovanje Kantona Sarajevo podr\u017ealo je realizaciju Tehnicijade iznosom od 10.000 KM, dok je u 2022. godini podr\u017ealo rekonstrukciju sportskog igrali\u0161ta&nbsp;Srednje \u0161kole za saobra\u0107aj i komunikacije Sarajevo sa 230.000 KM, a na kojem je i&nbsp;sve\u010dano otvorena Prva tehnicijada.&nbsp;&nbsp;<\/p>\n\n\n\n<p>Prisutne je pozdravila i direktorica Instituta za razvoj preduniverzitetskog obrazovanja\u00a0KS Senada Salihovi\u0107, dok se u ime organizacionog odbora direktora obratio\u00a0direktor Srednje\u0161kolskog centra Vogo\u0161\u0107a Elvir Su\u0107eska. Sve\u010dano otvaranje Prve tehnicijade\u00a0pomogli su na\u010delnici op\u0107ina sa podru\u010dja Kantona Sarajevo, kao i sponzori ovog projekta.<\/p>\n\n\n\n<figure class=\"wp-block-gallery has-nested-images columns-default is-cropped wp-block-gallery-1 is-layout-flex wp-block-gallery-is-layout-flex\">\n<figure class=\"wp-block-image size-large\"><img fetchpriority=\"high\" decoding=\"async\" width=\"800\" height=\"532\" data-id=\"2383\" src=\"http:\/\/mspvps.edu.ba\/wp-content\/uploads\/2024\/04\/Prva-teh-2024.jpg\" alt=\"\" class=\"wp-image-2383\" srcset=\"http:\/\/mspvps.edu.ba\/wp-content\/uploads\/2024\/04\/Prva-teh-2024.jpg 800w, http:\/\/mspvps.edu.ba\/wp-content\/uploads\/2024\/04\/Prva-teh-2024-300x200.jpg 300w, http:\/\/mspvps.edu.ba\/wp-content\/uploads\/2024\/04\/Prva-teh-2024-768x511.jpg 768w\" sizes=\"(max-width: 800px) 100vw, 800px\" \/><\/figure>\n\n\n\n<figure class=\"wp-block-image size-large\"><img decoding=\"async\" width=\"785\" height=\"522\" data-id=\"2369\" src=\"http:\/\/mspvps.edu.ba\/wp-content\/uploads\/2024\/04\/Tehnicijada-2024.jpg\" alt=\"\" class=\"wp-image-2369\" srcset=\"http:\/\/mspvps.edu.ba\/wp-content\/uploads\/2024\/04\/Tehnicijada-2024.jpg 785w, http:\/\/mspvps.edu.ba\/wp-content\/uploads\/2024\/04\/Tehnicijada-2024-300x199.jpg 300w, http:\/\/mspvps.edu.ba\/wp-content\/uploads\/2024\/04\/Tehnicijada-2024-768x511.jpg 768w\" sizes=\"(max-width: 785px) 100vw, 785px\" \/><\/figure>\n<\/figure>\n\n\n\n<p><\/p>\n\n\n\n<p>Izvor: <a href=\"https:\/\/mo.ks.gov.ba\/aktuelno\/novosti\/ministrica-hota-muminovic-sigurna-sam-da-ce-tehnicijada-postati-tradicija#\" data-type=\"link\" data-id=\"https:\/\/mo.ks.gov.ba\/aktuelno\/novosti\/ministrica-hota-muminovic-sigurna-sam-da-ce-tehnicijada-postati-tradicija#\" target=\"_blank\" rel=\"noreferrer noopener\">www.mo.ks.gov.ba<\/a><\/p>\n","protected":false},"excerpt":{"rendered":"<p>Prva\u00a0tehnicijada \u2013 sportsko dru\u017eenje srednjih stru\u010dnih i tehni\u010dkih \u0161kola Kantona Sarajevo u \u0161kolskoj\u00a02023\/2024. godini otvorena je danas na vanjskom igrali\u0161tu Srednje \u0161kole za saobra\u0107aj i komunikacije. Tehnicijadu, koja \u0107e se realizovati u periodu od 14. do 19. aprila, 2024.\u00a0godine, sve\u010dano je otvorila ministrica za odgoj i obrazovanje Kantona Sarajevo Naida Hota-Muminovi\u0107.<\/p>\n","protected":false},"author":1,"featured_media":2383,"comment_status":"closed","ping_status":"closed","sticky":false,"template":"","format":"standard","meta":{"footnotes":""},"categories":[1],"tags":[],"class_list":["post-2382","post","type-post","status-publish","format-standard","has-post-thumbnail","hentry","category-novosti-i-dogadaji"],"_links":{"self":[{"href":"http:\/\/mspvps.edu.ba\/index.php\/wp-json\/wp\/v2\/posts\/2382","targetHints":{"allow":["GET"]}}],"collection":[{"href":"http:\/\/mspvps.edu.ba\/index.php\/wp-json\/wp\/v2\/posts"}],"about":[{"href":"http:\/\/mspvps.edu.ba\/index.php\/wp-json\/wp\/v2\/types\/post"}],"author":[{"embeddable":true,"href":"http:\/\/mspvps.edu.ba\/index.php\/wp-json\/wp\/v2\/users\/1"}],"replies":[{"embeddable":true,"href":"http:\/\/mspvps.edu.ba\/index.php\/wp-json\/wp\/v2\/comments?post=2382"}],"version-history":[{"count":3,"href":"http:\/\/mspvps.edu.ba\/index.php\/wp-json\/wp\/v2\/posts\/2382\/revisions"}],"predecessor-version":[{"id":2387,"href":"http:\/\/mspvps.edu.ba\/index.php\/wp-json\/wp\/v2\/posts\/2382\/revisions\/2387"}],"wp:featuredmedia":[{"embeddable":true,"href":"http:\/\/mspvps.edu.ba\/index.php\/wp-json\/wp\/v2\/media\/2383"}],"wp:attachment":[{"href":"http:\/\/mspvps.edu.ba\/index.php\/wp-json\/wp\/v2\/media?parent=2382"}],"wp:term":[{"taxonomy":"category","embeddable":true,"href":"http:\/\/mspvps.edu.ba\/index.php\/wp-json\/wp\/v2\/categories?post=2382"},{"taxonomy":"post_tag","embeddable":true,"href":"http:\/\/mspvps.edu.ba\/index.php\/wp-json\/wp\/v2\/tags?post=2382"}],"curies":[{"name":"wp","href":"https:\/\/api.w.org\/{rel}","templated":true}]}}