{"id":1995,"date":"2023-09-18T20:45:47","date_gmt":"2023-09-18T18:45:47","guid":{"rendered":"http:\/\/mspvps.edu.ba\/?p=1995"},"modified":"2023-09-18T20:46:22","modified_gmt":"2023-09-18T18:46:22","slug":"posjeta-sajmu-ljepote-u-skenderiji-beautiful-2023","status":"publish","type":"post","link":"http:\/\/mspvps.edu.ba\/index.php\/2023\/09\/18\/posjeta-sajmu-ljepote-u-skenderiji-beautiful-2023\/","title":{"rendered":"Posjeta sajmu ljepote u Skenderiji Beautiful 2023"},"content":{"rendered":"\n<p>U subotu 16.09.2023. godine, nastavnica prakti\u010dne nastave za zanimanje kozmeti\u010dki tehni\u010dar Ali\u0107 Meliha posjetila je sajam ljepote u Skenderiji &#8220;Beautiful 2023&#8221;. U nedjelju 17.09.2023. godine sajam ljepote posjetila je i nastavnica prakti\u010dne nastave za frizere Fazlagi\u0107 Amela. Nastavnice su prisustvovale novim tehnikama rada frizerske i kozmeti\u010dke struke te se upoznale sa novim materijalima, preparatima i dekorativnoj kozmetici na tr\u017ei\u0161tu. Tako\u0111er su razmjenile iskustva sa izlaga\u010dima i dogovorile budu\u0107u saradnju.<\/p>\n\n\n\n<figure class=\"wp-block-image aligncenter size-full is-resized\"><img fetchpriority=\"high\" decoding=\"async\" src=\"http:\/\/mspvps.edu.ba\/wp-content\/uploads\/2023\/09\/Posjeta-sajmu-ljepote-2023.jpg\" alt=\"\" class=\"wp-image-1998\" style=\"width:432px;height:432px\" width=\"432\" height=\"432\" srcset=\"http:\/\/mspvps.edu.ba\/wp-content\/uploads\/2023\/09\/Posjeta-sajmu-ljepote-2023.jpg 800w, http:\/\/mspvps.edu.ba\/wp-content\/uploads\/2023\/09\/Posjeta-sajmu-ljepote-2023-300x300.jpg 300w, http:\/\/mspvps.edu.ba\/wp-content\/uploads\/2023\/09\/Posjeta-sajmu-ljepote-2023-150x150.jpg 150w, http:\/\/mspvps.edu.ba\/wp-content\/uploads\/2023\/09\/Posjeta-sajmu-ljepote-2023-768x768.jpg 768w, http:\/\/mspvps.edu.ba\/wp-content\/uploads\/2023\/09\/Posjeta-sajmu-ljepote-2023-256x256.jpg 256w\" sizes=\"(max-width: 432px) 100vw, 432px\" \/><\/figure>\n","protected":false},"excerpt":{"rendered":"<p>U subotu 16.09.2023. godine, nastavnica prakti\u010dne nastave za zanimanje kozmeti\u010dki tehni\u010dar Ali\u0107 Meliha posjetila je sajam ljepote u Skenderiji &#8220;Beautiful 2023&#8221;. U nedjelju 17.09.2023. godine sajam ljepote posjetila je i nastavnica prakti\u010dne nastave za frizere Fazlagi\u0107 Amela. Nastavnice su prisustvovale novim tehnikama rada frizerske i kozmeti\u010dke struke te se upoznale sa novim materijalima, preparatima i [&hellip;]<\/p>\n","protected":false},"author":1,"featured_media":1998,"comment_status":"closed","ping_status":"closed","sticky":false,"template":"","format":"standard","meta":{"footnotes":""},"categories":[1],"tags":[],"class_list":["post-1995","post","type-post","status-publish","format-standard","has-post-thumbnail","hentry","category-novosti-i-dogadaji"],"_links":{"self":[{"href":"http:\/\/mspvps.edu.ba\/index.php\/wp-json\/wp\/v2\/posts\/1995","targetHints":{"allow":["GET"]}}],"collection":[{"href":"http:\/\/mspvps.edu.ba\/index.php\/wp-json\/wp\/v2\/posts"}],"about":[{"href":"http:\/\/mspvps.edu.ba\/index.php\/wp-json\/wp\/v2\/types\/post"}],"author":[{"embeddable":true,"href":"http:\/\/mspvps.edu.ba\/index.php\/wp-json\/wp\/v2\/users\/1"}],"replies":[{"embeddable":true,"href":"http:\/\/mspvps.edu.ba\/index.php\/wp-json\/wp\/v2\/comments?post=1995"}],"version-history":[{"count":4,"href":"http:\/\/mspvps.edu.ba\/index.php\/wp-json\/wp\/v2\/posts\/1995\/revisions"}],"predecessor-version":[{"id":2000,"href":"http:\/\/mspvps.edu.ba\/index.php\/wp-json\/wp\/v2\/posts\/1995\/revisions\/2000"}],"wp:featuredmedia":[{"embeddable":true,"href":"http:\/\/mspvps.edu.ba\/index.php\/wp-json\/wp\/v2\/media\/1998"}],"wp:attachment":[{"href":"http:\/\/mspvps.edu.ba\/index.php\/wp-json\/wp\/v2\/media?parent=1995"}],"wp:term":[{"taxonomy":"category","embeddable":true,"href":"http:\/\/mspvps.edu.ba\/index.php\/wp-json\/wp\/v2\/categories?post=1995"},{"taxonomy":"post_tag","embeddable":true,"href":"http:\/\/mspvps.edu.ba\/index.php\/wp-json\/wp\/v2\/tags?post=1995"}],"curies":[{"name":"wp","href":"https:\/\/api.w.org\/{rel}","templated":true}]}}